{"id":4465,"date":"2025-07-22T09:36:39","date_gmt":"2025-07-22T08:36:39","guid":{"rendered":"https:\/\/controlsafe.pt\/?p=4465"},"modified":"2025-07-28T06:58:14","modified_gmt":"2025-07-28T05:58:14","slug":"notas-fundamentais-7","status":"publish","type":"post","link":"https:\/\/controlsafe.pt\/en\/notas-fundamentais-7\/","title":{"rendered":"<strong>Notas Fundamentais\u2026<\/strong>"},"content":{"rendered":"\n<p><strong>Esteja sempre informado:<\/strong><\/p>\n\n\n\n<p><strong>\u2013 Guia sobre trabalho dom\u00e9stico<\/strong><\/p>\n\n\n\n<p><strong>\u2013 4.\u00aa edi\u00e7\u00e3o \u201cEst\u00e1-se Bem em Seguran\u00e7a e Sa\u00fade no Trabalho: Participa | Inova | Entrega-Te\u201d<\/strong><\/p>\n\n\n\n<p><strong>\u2013 Exposi\u00e7\u00e3o a condi\u00e7\u00f5es clim\u00e1ticas extremas | Calor<\/strong><\/p>\n\n\n\n<p><strong>\u2013 Podcast ACTalks | 5.\u00ba epis\u00f3dio<\/strong><\/p>\n\n\n\n<p><strong>\u2013 1.\u00ba Relat\u00f3rio de avalia\u00e7\u00e3o da Autoridade Europeia do Trabalho<\/strong><\/p>\n\n\n\n<p><strong>\u2013 Acesso livre \u00e0 Revista Internacional do Trabalho<\/strong><\/p>\n\n\n\n<p><\/p>\n\n\n\n<p><strong>Guia sobre trabalho dom\u00e9stico<\/strong><\/p>\n\n\n\n<p>A ACT lan\u00e7ou um guia sobre trabalho dom\u00e9stico.\u200b<\/p>\n\n\n\n<p>Com abordagem acess\u00edvel e pr\u00e1tica, o guia esclarece aspetos relacionados com contrato de trabalho, sal\u00e1rio, tempos de descanso, f\u00e9rias e feriados. Aborda quest\u00f5es relacionadas com faltas, parentalidade, seguran\u00e7a e sa\u00fade no trabalho e deveres do trabalhador.\u200b<\/p>\n\n\n\n<p>O objetivo do guia \u00e9 clarificar direitos e deveres dos trabalhadores dom\u00e9sticos.\u200b<\/p>\n\n\n\n<p>Consulte o GUIA:<\/p>\n\n\n\n<p><a href=\"https:\/\/portal.act.gov.pt\/AnexosPDF\/Documenta%C3%A7%C3%A3o\/Publica%C3%A7%C3%B5es\/Rela%C3%A7%C3%B5es%20de%20trabalho\/Publica%C3%A7%C3%B5es%20eletr%C3%B3nicas\/02-%20TrabalhoDom%C3%A9stico.pdf\" target=\"_blank\" rel=\"noreferrer noopener\">https:\/\/portal.act.gov.pt\/AnexosPDF\/Documenta%C3%A7%C3%A3o\/Publica%C3%A7%C3%B5es\/Rela%C3%A7%C3%B5es%20de%20trabalho\/Publica%C3%A7%C3%B5es%20eletr%C3%B3nicas\/02-%20TrabalhoDom%C3%A9stico.pdf<\/a><\/p>\n\n\n\n<p><\/p>\n\n\n\n<p><strong>4.\u00aa edi\u00e7\u00e3o \u201cEst\u00e1-se Bem em Seguran\u00e7a e Sa\u00fade no Trabalho: Participa | Inova | Entrega-Te\u201d<\/strong><\/p>\n\n\n\n<p>Encontra-se a decorrer a 4.\u00aa edi\u00e7\u00e3o do concurso \u201cEst\u00e1-se Bem em Seguran\u00e7a e Sa\u00fade no Trabalho: Participa | Inova | Entrega-Te\u201d.<\/p>\n\n\n\n<p>O concurso destina-se ao ensino e forma\u00e7\u00e3o profissional e tem como objetivo sensibilizar e consciencializar para a import\u00e2ncia da Seguran\u00e7a e Sa\u00fade no Trabalho (SST) na promo\u00e7\u00e3o do bem-estar na vida ativa.<\/p>\n\n\n\n<p>Neste \u00e2mbito, o concurso desafia alunos \/ formandos e \/ ou formadores \/ professores de todas as \u00e1reas de forma\u00e7\u00e3o profissional, a demonstrem as suas compet\u00eancias, conhecimentos e atitudes em mat\u00e9ria de SST, atrav\u00e9s de um trabalho inovador em formato de v\u00eddeo.<\/p>\n\n\n\n<p>As candidaturas est\u00e3o abertas at\u00e9 30 de novembro de 2025 e devem ser submetidas atrav\u00e9s do formul\u00e1rio dispon\u00edvel:<\/p>\n\n\n\n<p><a href=\"https:\/\/forms.gle\/FAJSWGFpWRp7vHj67\" target=\"_blank\" rel=\"noreferrer noopener\">https:\/\/forms.gle\/FAJSWGFpWRp7vHj67<\/a><\/p>\n\n\n\n<p>Consulte o REGULAMENTO DO CONCURSO<\/p>\n\n\n\n<p><a href=\"https:\/\/portal.act.gov.pt\/AnexosPDF\/Not%C3%ADcias\/RegulamentoConcursoOSHVET2025final.pdf\" target=\"_blank\" rel=\"noreferrer noopener\">https:\/\/portal.act.gov.pt\/AnexosPDF\/Not%C3%ADcias\/RegulamentoConcursoOSHVET2025final.pdf<\/a><\/p>\n\n\n\n<p><\/p>\n\n\n\n<p><strong>Exposi\u00e7\u00e3o a condi\u00e7\u00f5es clim\u00e1ticas extremas | Calor<\/strong><\/p>\n\n\n\n<p>As altera\u00e7\u00f5es clim\u00e1ticas t\u00eam vindo a provocar mudan\u00e7as significativas nas condi\u00e7\u00f5es ambientais, com impactos diretos no mundo do trabalho.\u200b<\/p>\n\n\n\n<p>Um dos efeitos mais evidentes \u00e9 o aumento da exposi\u00e7\u00e3o dos trabalhadores, que exercem a sua atividade ao ar livre, \u00e0 radia\u00e7\u00e3o ultravioleta e a fen\u00f3menos clim\u00e1ticos extremos, como o calor intenso. Estes novos desafios exigem respostas adequadas no dom\u00ednio da seguran\u00e7a e sa\u00fade no trabalho (SST), nomeadamente atrav\u00e9s da adapta\u00e7\u00e3o \u00e0s novas condi\u00e7\u00f5es, da promo\u00e7\u00e3o de atitudes preventivas e da dissemina\u00e7\u00e3o de informa\u00e7\u00e3o clara e acess\u00edvel.<\/p>\n\n\n\n<p>Neste contexto, a ACT lan\u00e7a, durante este m\u00eas, uma campanha de sensibiliza\u00e7\u00e3o dedicada \u00e0 exposi\u00e7\u00e3o ao calor e aos seus impactos na seguran\u00e7a e sa\u00fade no trabalho.<\/p>\n\n\n\n<p>Consulte AQUI materiais t\u00e9cnicos e informativos\u200b sobre a problem\u00e1tica do calor no contexto laboral.<\/p>\n\n\n\n<p><a href=\"https:\/\/portal.act.gov.pt\/Pages\/exposicao-condicoes-climaticas-extremas-calor.aspx\" target=\"_blank\" rel=\"noreferrer noopener\">https:\/\/portal.act.gov.pt\/Pages\/exposicao-condicoes-climaticas-extremas-calor.aspx<\/a><\/p>\n\n\n\n<p><\/p>\n\n\n\n<p><strong>Podcast ACTalks | 5.\u00ba epis\u00f3dio<\/strong><\/p>\n\n\n\n<p>\u200bJ\u00e1 se encontra dispon\u00edvel o quinto epis\u00f3dio do podcast ACTalks., uma conversa com o inspetor do trabalho, Rui Arrifana, sobre a preven\u00e7\u00e3o de acidentes de trabalho no setor da constru\u00e7\u00e3o civil.<\/p>\n\n\n\n<p>ASSISTA<\/p>\n\n\n\n<figure class=\"wp-block-embed is-type-video is-provider-youtube wp-block-embed-youtube wp-embed-aspect-16-9 wp-has-aspect-ratio\"><div class=\"wp-block-embed__wrapper\">\n<iframe title=\"ACTalks | Epis\u00f3dio 5 | Preven\u00e7\u00e3o de acidentes de trabalho no setor da constru\u00e7\u00e3o civil\" width=\"500\" height=\"281\" src=\"https:\/\/www.youtube.com\/embed\/H6ahR-6QbcM?start=9&#038;feature=oembed\" frameborder=\"0\" allow=\"accelerometer; autoplay; clipboard-write; encrypted-media; gyroscope; picture-in-picture; web-share\" referrerpolicy=\"strict-origin-when-cross-origin\" allowfullscreen><\/iframe>\n<\/div><\/figure>\n\n\n\n<p><\/p>\n\n\n\n<p><strong>1.\u00ba Relat\u00f3rio de avalia\u00e7\u00e3o da Autoridade Europeia do Trabalho<\/strong><\/p>\n\n\n\n<p>\u200bA Comiss\u00e3o Europeia publicou o primeiro relat\u00f3rio de avalia\u00e7\u00e3o da Autoridade Europeia do Trabalho (ELA), dirigido ao Conselho da Uni\u00e3o Europeia e ao Parlamento Europeu.<\/p>\n\n\n\n<p>Consulte o RELAT\u00d3RIO<\/p>\n\n\n\n<p><a href=\"https:\/\/employment-social-affairs.ec.europa.eu\/news\/european-labour-authority-supports-fair-labour-mobility-eu-2025-05-26_en\" target=\"_blank\" rel=\"noreferrer noopener\">https:\/\/employment-social-affairs.ec.europa.eu\/news\/european-labour-authority-supports-fair-labour-mobility-eu-2025-05-26_en<\/a><\/p>\n\n\n\n<p><\/p>\n\n\n\n<p><strong>Acesso livre \u00e0 Revista Internacional do Trabalho<\/strong><\/p>\n\n\n\n<p>\u200bA International Labour Review (Revista Internacional do Trabalho), uma das mais prestigiadas publica\u00e7\u00f5es cient\u00edficas globais dedicadas ao mundo do trabalho, passou a estar dispon\u00edvel em acesso livre, gra\u00e7as a uma nova parceria com a Open Library of Humanities (OLH).<\/p>\n\n\n\n<p>Para mais informa\u00e7\u00f5es, visite a p\u00e1gina em ESPANHOL, FRANC\u00caS e INGL\u00caS<\/p>\n\n\n\n<p><a href=\"https:\/\/www.ilo.org\/es\/revista-internacional-del-trabajo\" target=\"_blank\" rel=\"noreferrer noopener\">https:\/\/www.ilo.org\/es\/revista-internacional-del-trabajo<\/a><\/p>\n\n\n\n<p><a href=\"https:\/\/www.ilo.org\/fr\/revue-internationale-du-travail\" target=\"_blank\" rel=\"noreferrer noopener\">https:\/\/www.ilo.org\/fr\/revue-internationale-du-travail<\/a><\/p>\n\n\n\n<p><a href=\"https:\/\/www.ilo.org\/international-labour-review\" target=\"_blank\" rel=\"noreferrer noopener\">https:\/\/www.ilo.org\/international-labour-review<\/a><\/p>\n\n\n\n<p><\/p>\n\n\n\n<p><\/p>\n\n\n\n<p><strong>Fale sempre com a Controlsafe<\/strong><\/p>\n\n\n\n<p><strong>Controlsafe<\/strong><\/p>\n\n\n\n<p>Seguran\u00e7a no Trabalho \u2013 Laborat\u00f3rio de Ensaios | Sa\u00fade no Trabalho | Seguran\u00e7a Alimentar | Controlo de Pragas | Sa\u00fade Ocupacional | Forma\u00e7\u00e3o Profissional Certificada | Ergonomia<\/p>\n\n\n\n<p>#Controlsafe #Saudenotrabalho #Segurancanotrabalho #Segurancaalimentar #Controlodepragas #Formacao #Educacao #Saude #Seguranca #Trabalho #Alimentar #Controlo #Pragas #HACCP #Ensaios #Estudo #MAPs #ergonomia #autoprotecao #incendios #lojaonline #protecao #saudeocupacional<\/p>\n","protected":false},"excerpt":{"rendered":"Esteja sempre informado: Guia sobre trabalho dom\u00e9stico, Exposi\u00e7\u00e3o a condi\u00e7\u00f5es clim\u00e1ticas extremas | Calor e muito, muito mais\u2026","protected":false},"author":2,"featured_media":4468,"comment_status":"closed","ping_status":"closed","sticky":false,"template":"","format":"standard","meta":[],"categories":[1],"tags":[51,64,39,78,24,16,49,46,57,72,75,87,37,97,101,68,17,43,115,116,96,47,26,45,65,133,25,60,61,76,82,14,118,77,112,27,18,19,88,31,32,56,81,70,132,38,66,15,13,136,20,63,53,52,54,117,89,36,50,21,40,30,73,74,62,42,29,33,98,91,92,99,79,28,59,48,44,22,83,23,113,100,11,41,34,67,69,55,12,86,84,85,58,80,35,71,119],"acf":[],"_links":{"self":[{"href":"https:\/\/controlsafe.pt\/en\/wp-json\/wp\/v2\/posts\/4465"}],"collection":[{"href":"https:\/\/controlsafe.pt\/en\/wp-json\/wp\/v2\/posts"}],"about":[{"href":"https:\/\/controlsafe.pt\/en\/wp-json\/wp\/v2\/types\/post"}],"author":[{"embeddable":true,"href":"https:\/\/controlsafe.pt\/en\/wp-json\/wp\/v2\/users\/2"}],"replies":[{"embeddable":true,"href":"https:\/\/controlsafe.pt\/en\/wp-json\/wp\/v2\/comments?post=4465"}],"version-history":[{"count":1,"href":"https:\/\/controlsafe.pt\/en\/wp-json\/wp\/v2\/posts\/4465\/revisions"}],"predecessor-version":[{"id":4466,"href":"https:\/\/controlsafe.pt\/en\/wp-json\/wp\/v2\/posts\/4465\/revisions\/4466"}],"wp:featuredmedia":[{"embeddable":true,"href":"https:\/\/controlsafe.pt\/en\/wp-json\/wp\/v2\/media\/4468"}],"wp:attachment":[{"href":"https:\/\/controlsafe.pt\/en\/wp-json\/wp\/v2\/media?parent=4465"}],"wp:term":[{"taxonomy":"category","embeddable":true,"href":"https:\/\/controlsafe.pt\/en\/wp-json\/wp\/v2\/categories?post=4465"},{"taxonomy":"post_tag","embeddable":true,"href":"https:\/\/controlsafe.pt\/en\/wp-json\/wp\/v2\/tags?post=4465"}],"curies":[{"name":"wp","href":"https:\/\/api.w.org\/{rel}","templated":true}]}}