{"id":4077,"date":"2023-11-06T12:25:26","date_gmt":"2023-11-06T12:25:26","guid":{"rendered":"https:\/\/controlsafe.pt\/?p=4077"},"modified":"2023-11-09T22:11:07","modified_gmt":"2023-11-09T22:11:07","slug":"somos-controlsafe-20-anos","status":"publish","type":"post","link":"https:\/\/controlsafe.pt\/en\/somos-controlsafe-20-anos\/","title":{"rendered":"Somos Controlsafe &#8211; 20 Anos"},"content":{"rendered":"\n<p><strong>As nossas frases que representam a Controlsafe, o que \u00e9 estar na Controlsafe, o que \u00e9 sentir a Controlsafe.<\/strong><\/p>\n\n\n\n<p><strong>1.<\/strong><\/p>\n\n\n\n<p>\u201cPersist\u00eancia num caminho de uma comunica\u00e7\u00e3o sempre livre, sincera, respons\u00e1vel, informativa, pr\u00f3xima de cada empresa, atenta a todos os clientes e na procura de levar o nome Controlsafe a todo o pa\u00eds\u201d.<\/p>\n\n\n\n<p>Eug\u00e9nio Pinto<\/p>\n\n\n\n<p>Comunica\u00e7\u00e3o Controlsafe<\/p>\n\n\n\n<p>Desde 2016\u2026<\/p>\n\n\n\n<p><\/p>\n\n\n\n<p><strong>2.<\/strong><\/p>\n\n\n\n<p>\u201cEstar na Controlsafe \u00e9 enfrentar desafios diferentes todos os dias e lutar sempre pela constante melhoria do servi\u00e7o que prestamos aos nossos clientes.<\/p>\n\n\n\n<p>Fazer parte desta equipa \u00e9 fazer parte de um grupo focado em dar o seu melhor e a elevar o nome da Controlsafe como marca de refer\u00eancia no nosso Pa\u00eds\u201d.<\/p>\n\n\n\n<p>Ana Catarina Martins<\/p>\n\n\n\n<p>Departamento Sa\u00fade no Trabalho<\/p>\n\n\n\n<p>Desde 2022\u2026<\/p>\n\n\n\n<p><\/p>\n\n\n\n<p><strong>3.<\/strong><\/p>\n\n\n\n<p>\u201cPrevenir aumenta a longevidade!&nbsp;<\/p>\n\n\n\n<p>Na Controlsafe, estamos diariamente ao lado dos nossos Clientes, acautelando-os e ajudando-os a irem o mais longe poss\u00edvel. Porque afinal, a longevidade de uma empresa \u00e9 baseada na experi\u00eancia que o cliente tem com esta\u201d.<\/p>\n\n\n\n<p>Carlos Oliveira<\/p>\n\n\n\n<p>Departamento Monitoriza\u00e7\u00f5es de Higiene Ocupacional e Seguran\u00e7a no Trabalho<\/p>\n\n\n\n<p>Desde 2016\u2026<\/p>\n\n\n\n<p><\/p>\n\n\n\n<p><strong>4.<\/strong><\/p>\n\n\n\n<p>\u201c\u00c9 sentir que se faz parte de algo, que nada se constr\u00f3i sozinho, que cada um de n\u00f3s \u00e9 uma pe\u00e7a fundamental para o crescimento e para o sucesso, principalmente que todos juntos fazemos a diferen\u00e7a para prestar servi\u00e7os e atendimento de qualidade\u201d.<\/p>\n\n\n\n<p>Vanda Silva<\/p>\n\n\n\n<p><a>Departamento Sa\u00fade no Trabalho<\/a><\/p>\n\n\n\n<p>Desde 2022\u2026<\/p>\n\n\n\n<p><\/p>\n\n\n\n<p><strong>5.<\/strong><\/p>\n\n\n\n<p>\u201cFazer parte de um projeto em que eu acredito, lutar diariamente para dar resposta aos nossos clientes e dessa forma demonstrar ao mercado a nossa capacidade de trabalho, o nosso compromisso e a nossa resili\u00eancia. Trabalhar diariamente no limite para que quando algu\u00e9m, seja em que parte do mundo for, falar na Controlsafe, logo a seguir virem as palavras compet\u00eancia e profissionalismo\u201d.<\/p>\n\n\n\n<p>Pedro Martins<\/p>\n\n\n\n<p>Departamento Seguran\u00e7a no Trabalho<\/p>\n\n\n\n<p>Desde 2011\u2026<\/p>\n\n\n\n<p><\/p>\n\n\n\n<p><strong>6.<\/strong><\/p>\n\n\n\n<p>\u201cObrigado Controlsafe! A minha <em>caminhada profissional<\/em> come\u00e7ou aqui! Reunir foi o come\u00e7o, permanecer \u00e9 o progresso e a trabalhar em conjunto alcan\u00e7aremos ainda mais sucesso!!! Parab\u00e9ns Controlsafe!\u201d.<\/p>\n\n\n\n<p>Jo\u00e3o Gomes<\/p>\n\n\n\n<p>Departamento Controlo de Pragas e Seguran\u00e7a Alimentar<\/p>\n\n\n\n<p>Desde 2014\u2026<\/p>\n\n\n\n<p><\/p>\n\n\n\n<p><strong>7.<\/strong><\/p>\n\n\n\n<p><a>\u201cSer Enfermeira do Trabalho \u00e9 desafiante, trabalhando na Controlsafe, mais ainda! \u00c9 compensador contribuir diariamente para a qualidade dos cuidados de sa\u00fade prestados, sempre com o prop\u00f3sito de conseguir ambientes de trabalho mais saud\u00e1veis, potenciar o crescimento das empresas, promover a sa\u00fade do trabalhador e melhorar a sua qualidade de vida. Trabalhadores saud\u00e1veis fazem uma empresa saud\u00e1vel\u201d.<\/a><\/p>\n\n\n\n<p>S\u00f3nia Mendes<\/p>\n\n\n\n<p>Departamento Sa\u00fade no Trabalho<\/p>\n\n\n\n<p>Desde 2018\u2026<\/p>\n\n\n\n<p><\/p>\n\n\n\n<p><strong>8.<\/strong><\/p>\n\n\n\n<p>\u201cNa Controlsafe adquiri conhecimento que me trouxe crescimento e evolu\u00e7\u00e3o. Juntos, em equipa, constru\u00edmos clientes felizes e satisfeitos&#8221;.<\/p>\n\n\n\n<p>In\u00eas Noversa<\/p>\n\n\n\n<p>Departamento Seguran\u00e7a Alimentar<\/p>\n\n\n\n<p>Desde 2021\u2026<\/p>\n\n\n\n<p><\/p>\n\n\n\n<p><strong>9.<\/strong><\/p>\n\n\n\n<p>\u201cUma equipa que trabalha sempre a pensar no sucesso de cada cliente, em satisfazer as suas necessidades e a simplificar o quotidiano de cada um.<\/p>\n\n\n\n<p>Um trabalho que s\u00f3 \u00e9 poss\u00edvel com harmonia, persist\u00eancia e interajuda\u201d.&nbsp;<\/p>\n\n\n\n<p>Ana Jo\u00e3o<\/p>\n\n\n\n<p>Departamento Seguran\u00e7a Alimentar<\/p>\n\n\n\n<p>Desde 2019\u2026<\/p>\n\n\n\n<p><\/p>\n\n\n\n<p><strong>10.<\/strong><\/p>\n\n\n\n<p>\u201cQue venham mais 20 anos com ainda mais vontade para aprender, melhorar e inovar\u201d.<\/p>\n\n\n\n<p>Andr\u00e9 Pinto<\/p>\n\n\n\n<p>Diretor Cl\u00ednico da Cl\u00ednica Integrativa UNO<\/p>\n\n\n\n<p>Desde 2017\u2026<\/p>\n\n\n\n<p><\/p>\n\n\n\n<p><strong>11.<\/strong><\/p>\n\n\n\n<p>\u201cA Controlsafe \u00e9 uma grande empresa porque \u00e9 feita por grandes pessoas. Pessoas com quem tenho o privil\u00e9gio de trabalhar e aprender diariamente.<\/p>\n\n\n\n<p>Quando aqui cheguei, em 2021, para trabalhar numa \u00e1rea completamente diferente da minha, trazia d\u00favidas, receios e retic\u00eancias&#8230; Hoje sinto que fa\u00e7o parte desta grande equipa e que estou preparado para trabalhar em diversos departamentos pois a Controlsafe deu-me as ferramentas e a confian\u00e7a necess\u00e1rias para desempenhar v\u00e1rias fun\u00e7\u00f5es que me permitem retribuir a confian\u00e7a depositada em mim\u201d.<\/p>\n\n\n\n<p>Diogo Morais<\/p>\n\n\n\n<p>Departamento Controlo de Pragas<\/p>\n\n\n\n<p>Desde 2021\u2026<\/p>\n\n\n\n<p><\/p>\n\n\n\n<p><strong>12.<\/strong><\/p>\n\n\n\n<p>\u201cA Controlsafe representa para mim a oportunidade de desenvolvimento e, acima de tudo, serenidade e compromisso. \u00c9 onde me sinto bem h\u00e1 12 anos\u201d.<\/p>\n\n\n\n<p>Andr\u00e9 Cunha<\/p>\n\n\n\n<p>Departamento Comercial<\/p>\n\n\n\n<p>Desde 2011\u2026<\/p>\n\n\n\n<p><\/p>\n\n\n\n<p><strong>13.<\/strong><\/p>\n\n\n\n<p>&#8220;O sucesso destes 20 anos devesse sobretudo aos nossos clientes!<\/p>\n\n\n\n<p>\u00c9 por eles que evolu\u00edmos diariamente e enfrentamos todos os problemas como uma aprendizagem constante e desafiante&#8221;.<\/p>\n\n\n\n<p>Cid\u00e1lia Martins<\/p>\n\n\n\n<p>Departamento Seguran\u00e7a no Trabalho<\/p>\n\n\n\n<p>Desde 2017\u2026<\/p>\n\n\n\n<p><\/p>\n\n\n\n<p><strong>14.<\/strong><\/p>\n\n\n\n<p>\u201cTodos os desafios nos fazem crescer. E, na Controlsafe, em cada passo, ainda que sejam muito recentes, descubro oportunidades de, ao interagir com futuros clientes, evoluir e sempre aprender\u201d.<\/p>\n\n\n\n<p>H\u00e9lio Castro<\/p>\n\n\n\n<p>Departamento Comercial<\/p>\n\n\n\n<p>Desde 2022\u2026<\/p>\n\n\n\n<p><\/p>\n\n\n\n<p><strong>15.<\/strong><\/p>\n\n\n\n<p>\u201c17 anos de orgulho por pertencer a esta institui\u00e7\u00e3o com 20 ANOS!!!\u201d.<\/p>\n\n\n\n<p>Ricardo Ribeiro<\/p>\n\n\n\n<p>Departamento Comercial<\/p>\n\n\n\n<p>Desde 2006\u2026<\/p>\n\n\n\n<p><\/p>\n\n\n\n<p><strong>16.<\/strong><\/p>\n\n\n\n<p>&#8220;Todo o sucesso \u00e9 fruto de um grande trabalho em Equipa.<\/p>\n\n\n\n<p>Obrigada&#8221;.<\/p>\n\n\n\n<p>Marina Fernandes<\/p>\n\n\n\n<p>Departamento Seguran\u00e7a no Trabalho<\/p>\n\n\n\n<p>Desde 2022\u2026<\/p>\n\n\n\n<p><\/p>\n\n\n\n<p><strong>17.<\/strong><\/p>\n\n\n\n<p>\u201cQuando o tema \u00e9 Seguran\u00e7a Alimentar os nossos 20 anos de experi\u00eancia fazem a diferen\u00e7a\u201d.&nbsp;<\/p>\n\n\n\n<p>T\u00e2nia Bastos<\/p>\n\n\n\n<p>Departamento Seguran\u00e7a Alimentar<\/p>\n\n\n\n<p>Desde 2019\u2026<\/p>\n\n\n\n<p><\/p>\n\n\n\n<p><strong>18.<\/strong><\/p>\n\n\n\n<p>\u201cEntrar na Controlsafe ajudou-me a evoluir, a crescer como pessoa e profissional e ensinou-me o que \u00e9 trabalho em equipa\u201d.&nbsp;<\/p>\n\n\n\n<p>Diana Silva<\/p>\n\n\n\n<p>Departamento Sa\u00fade no Trabalho<\/p>\n\n\n\n<p>Desde 2022\u2026<\/p>\n\n\n\n<p><\/p>\n\n\n\n<p><strong>19.<\/strong><\/p>\n\n\n\n<p>\u201cTodos os dias, seja qual for a situa\u00e7\u00e3o, e s\u00e3o t\u00e3o diversas, sei que no tratamento com respeito e dignidade de cada pessoa que entra em contacto connosco, a Controlsafe cresce e evidencia-se nos valores humanistas que defendemos\u201d.&nbsp;<\/p>\n\n\n\n<p>Ana Rodrigues<\/p>\n\n\n\n<p>Departamento Administrativo<\/p>\n\n\n\n<p>Desde 2020\u2026<\/p>\n\n\n\n<p><\/p>\n\n\n\n<p><strong>20.<\/strong><\/p>\n\n\n\n<p>\u201cDesde janeiro de 2008 a fazer parte&#8230;<\/p>\n\n\n\n<p>S\u00e3o 16 anos a criar valor, a ser parceiro, a conquistar confian\u00e7a&#8230;<\/p>\n\n\n\n<p>Obrigado a todos os clientes que confiam em mim e no meu trabalho&#8230;<\/p>\n\n\n\n<p>Parab\u00e9ns Controlsafe pelos 20 anos\u201d.<\/p>\n\n\n\n<p>S\u00e9rgio Oliveira<\/p>\n\n\n\n<p>Departamento Comercial<\/p>\n\n\n\n<p>Desde 2008\u2026<\/p>\n\n\n\n<p><\/p>\n\n\n\n<p><strong>21.<\/strong><\/p>\n\n\n\n<p>\u201cNa Controlsafe damos sempre o melhor para que possamos prestar um servi\u00e7o de excel\u00eancia aos nossos clientes.&nbsp;<\/p>\n\n\n\n<p>Parab\u00e9ns Controlsafe por estes 20 anos e que venham mais 20 cheios de sucesso!\u201d.<\/p>\n\n\n\n<p>Maria Dias<\/p>\n\n\n\n<p>Departamento Comercial<\/p>\n\n\n\n<p>Desde 2023\u2026<\/p>\n\n\n\n<p><\/p>\n\n\n\n<p><strong>22.<\/strong><\/p>\n\n\n\n<p>\u201cTrabalhar na Controlsafe \u00e9 superar um novo desafio todos os dias. A insist\u00eancia e persist\u00eancia dos colaboradores fazem da Controlsafe uma empresa empenhada em fazer mais e melhor pelos seus clientes. O segredo \u00e9 nunca desistir!\u201d.<\/p>\n\n\n\n<p>N\u00eddia Miranda<\/p>\n\n\n\n<p>Departamento Seguran\u00e7a no Trabalho<\/p>\n\n\n\n<p>Desde 2021\u2026<\/p>\n\n\n\n<p><\/p>\n\n\n\n<p><strong>23.<\/strong><\/p>\n\n\n\n<p>\u201cNa Controlsafe tive a oportunidade de crescer a n\u00edvel profissional. Aprendi que o trabalho em equipa \u00e9 o alicerce que nos permite lutar diariamente pela satisfa\u00e7\u00e3o dos nossos clientes e pela melhoria constante das nossas metodologias\u201d.<\/p>\n\n\n\n<p>Sara Cunha<\/p>\n\n\n\n<p>Departamento Seguran\u00e7a Alimentar<\/p>\n\n\n\n<p>Desde 2021\u2026<\/p>\n\n\n\n<p><\/p>\n\n\n\n<p><strong>24.<\/strong><\/p>\n\n\n\n<p>\u201cH\u00e1 precisamente 8 anos entrei nesta escola.&nbsp;Sim, a Controlsafe \u00e9 uma escola, onde adquirimos uma bagagem de conhecimento e pessoas que levamos para a vida. Conhecimento esse que transmitimos aos nossos clientes com o maior profissionalismo e cuidado, de modo a ajud\u00e1-los no seu percurso di\u00e1rio.<\/p>\n\n\n\n<p>Aqui n\u00e3o fazemos as coisas f\u00e1ceis acontecer, fazemos acontecer com muito trabalho e dedica\u00e7\u00e3o de toda a equipa, criando assim clientes satisfeitos e fidelizados. Gra\u00e7as a eles e a n\u00f3s, chegamos com sucesso aos 20 anos\u201d.<\/p>\n\n\n\n<p>Sofia Oliveira<\/p>\n\n\n\n<p>Departamento Seguran\u00e7a Alimentar<\/p>\n\n\n\n<p>Desde 2015\u2026<\/p>\n\n\n\n<p><\/p>\n\n\n\n<p><strong>25<\/strong>.<\/p>\n\n\n\n<p>\u201cNa celebra\u00e7\u00e3o dos 20 anos de conquistas, a Controlsafe \u00e9 muito mais do que uma empresa, \u00e9 um exemplo inspirador de dedica\u00e7\u00e3o \u00e0 seguran\u00e7a e bem-estar no ambiente de trabalho.<\/p>\n\n\n\n<p>Parab\u00e9ns \u00e0 Controlsafe por duas d\u00e9cadas de excel\u00eancia e lideran\u00e7a no setor! Que venham muitos mais anos de sucesso!\u201d.<\/p>\n\n\n\n<p>Rita Ranginha<\/p>\n\n\n\n<p>Departamento Financeiro<\/p>\n\n\n\n<p>Desde 2022\u2026<\/p>\n\n\n\n<p><\/p>\n\n\n\n<p><strong>26.<\/strong><\/p>\n\n\n\n<p>\u201cO sucesso consegue-se com decis\u00e3o, confian\u00e7a, persist\u00eancia; e n\u00e3o com des\u00e2nimo, indecis\u00e3o, lam\u00farias.<\/p>\n\n\n\n<p>Parab\u00e9ns Controlsafe por estes 20 anos de sucesso e crescimento\u201d.<\/p>\n\n\n\n<p>\u00c2ngela Machado<\/p>\n\n\n\n<p>Departamento Financeiro<\/p>\n\n\n\n<p>Desde 2023\u2026<\/p>\n\n\n\n<p><\/p>\n\n\n\n<p><strong>27.<\/strong><\/p>\n\n\n\n<p>\u201cCelebramos 20 anos de sucesso, marcados por desafios superados e crescimento not\u00e1vel. Agradecemos a todos os que contribu\u00edram para a nossa jornada, transformando obst\u00e1culos em oportunidades e tornando a nossa empresa mais forte a cada desafio.<\/p>\n\n\n\n<p>Juntos, enfrentamos percal\u00e7os e constru\u00edmos um futuro promissor.<\/p>\n\n\n\n<p>Obrigado por fazerem parte desta hist\u00f3ria inspiradora!\u201d.<\/p>\n\n\n\n<p>Nuno Torres<\/p>\n\n\n\n<p>Diretor Financeiro | CFO &amp; BO<\/p>\n\n\n\n<p>Desde 2003\u2026<\/p>\n\n\n\n<p><\/p>\n\n\n\n<p><strong>28.<\/strong><\/p>\n\n\n\n<p>\u201cDesde mar\u00e7o que sei o que \u00e9 o meu primeiro emprego&#8230; Poucos meses ou n\u00e3o, j\u00e1 sei o que a Controlsafe nos transmite&#8230; Confian\u00e7a, bom ambiente entre as pessoas, respeito e, acima de tudo, compreens\u00e3o!<\/p>\n\n\n\n<p>Muitos parab\u00e9ns Controlsafe pelos 20 anos de exist\u00eancia!\u201d.<\/p>\n\n\n\n<p>\u00c2ngela Sampaio<\/p>\n\n\n\n<p>Departamento Seguran\u00e7a no Trabalho<\/p>\n\n\n\n<p>Desde 2023\u2026<\/p>\n\n\n\n<p><\/p>\n\n\n\n<p><\/p>\n\n\n\n<p><strong>Controlsafe<\/strong><\/p>\n\n\n\n<p><strong>Seguran\u00e7a no Trabalho \u2013 Laborat\u00f3rio de Ensaios | Sa\u00fade no Trabalho | Seguran\u00e7a Alimentar | Controlo de Pragas | Sa\u00fade Ocupacional | Forma\u00e7\u00e3o Profissional Certificada | Ergonomia<\/strong><\/p>\n","protected":false},"excerpt":{"rendered":"As nossas frases que representam a Controlsafe, o que \u00e9 estar na Controlsafe, o que \u00e9 sentir a Controlsafe.","protected":false},"author":2,"featured_media":4073,"comment_status":"closed","ping_status":"closed","sticky":false,"template":"","format":"standard","meta":[],"categories":[1],"tags":[51,64,39,78,24,16,49,46,57,72,75,87,37,97,101,68,17,43,115,116,96,47,26,45,65,25,60,61,76,82,14,118,77,112,27,18,19,88,31,32,56,81,70,132,38,66,15,13,20,63,53,52,54,117,89,36,50,21,40,30,73,74,62,42,29,33,98,91,92,99,79,28,59,48,44,22,83,23,113,100,11,41,34,67,69,55,12,86,84,85,58,80,35,71,119],"acf":[],"_links":{"self":[{"href":"https:\/\/controlsafe.pt\/en\/wp-json\/wp\/v2\/posts\/4077"}],"collection":[{"href":"https:\/\/controlsafe.pt\/en\/wp-json\/wp\/v2\/posts"}],"about":[{"href":"https:\/\/controlsafe.pt\/en\/wp-json\/wp\/v2\/types\/post"}],"author":[{"embeddable":true,"href":"https:\/\/controlsafe.pt\/en\/wp-json\/wp\/v2\/users\/2"}],"replies":[{"embeddable":true,"href":"https:\/\/controlsafe.pt\/en\/wp-json\/wp\/v2\/comments?post=4077"}],"version-history":[{"count":5,"href":"https:\/\/controlsafe.pt\/en\/wp-json\/wp\/v2\/posts\/4077\/revisions"}],"predecessor-version":[{"id":4087,"href":"https:\/\/controlsafe.pt\/en\/wp-json\/wp\/v2\/posts\/4077\/revisions\/4087"}],"wp:featuredmedia":[{"embeddable":true,"href":"https:\/\/controlsafe.pt\/en\/wp-json\/wp\/v2\/media\/4073"}],"wp:attachment":[{"href":"https:\/\/controlsafe.pt\/en\/wp-json\/wp\/v2\/media?parent=4077"}],"wp:term":[{"taxonomy":"category","embeddable":true,"href":"https:\/\/controlsafe.pt\/en\/wp-json\/wp\/v2\/categories?post=4077"},{"taxonomy":"post_tag","embeddable":true,"href":"https:\/\/controlsafe.pt\/en\/wp-json\/wp\/v2\/tags?post=4077"}],"curies":[{"name":"wp","href":"https:\/\/api.w.org\/{rel}","templated":true}]}}